{"id":133,"date":"2017-06-14T03:03:44","date_gmt":"2017-06-14T00:03:44","guid":{"rendered":"http:\/\/darebi.com\/?p=133"},"modified":"2017-06-14T03:06:54","modified_gmt":"2017-06-14T00:06:54","slug":"karerin-icinde-bir-koy-darebi","status":"publish","type":"post","link":"https:\/\/darebi.com\/?p=133","title":{"rendered":"Karer\u2019in i\u00e7inde bir k\u00f6y; Darebi"},"content":{"rendered":"<p style=\"text-align: justify;\"><img loading=\"lazy\" class=\"alignleft size-full wp-image-135\" src=\"http:\/\/darebi.com\/wp-content\/uploads\/2017\/06\/karizi.jpg\" alt=\"\" width=\"200\" height=\"231\" \/>Bing\u00f6l\u2019den (\u00c7ewlig) S\u00fctl\u00fcce (Darebi) k\u00f6y\u00fcne gidebilmek i\u00e7in; Il\u0131calar\u2019\u0131 (Hamamlar) \u00a0ge\u00e7tikten hemen sonra \u00c7\u0131r \u015eelalesi tabelas\u0131ndan girip biraz t\u0131rmand\u0131\u011f\u0131n\u0131zda, a\u011fa\u00e7lar\u0131n aras\u0131ndan sola do\u011fru san\u0131r\u0131m bir demircinin biraz da aceleye getirip yapt\u0131\u011f\u0131 ve yere bir kaz\u0131kla tutturulan k\u00fc\u00e7\u00fck sac tabelan\u0131n i\u015faret etti\u011fi toprak yol Karer\u2019e gider. Bu tabelan\u0131n su\u00e7u yaz\u0131lmam\u0131\u015f ama tam ortas\u0131ndan vurulmu\u015ftur. O yola direksiyonu k\u0131rd\u0131\u011f\u0131n\u0131zda adeta art\u0131k ba\u015fka bir zaman dilimindesiniz.\u00a0 Eskilerin ka\u011fn\u0131 arabalar\u0131n\u0131 kulland\u0131klar\u0131 yollar bile daha bak\u0131ml\u0131yd\u0131. Uzun, dik ve zikzakl\u0131 bir yoku\u015f, ta\u015fl\u0131, bol \u00e7ukurlu, yaz\u0131n tozlu, baharda ve k\u0131\u015f\u0131n a\u00e7\u0131k oldu\u011fu k\u0131sa zaman dilimlerinde \u00e7amur deryas\u0131 bir araba yolu. \u015eimdilerde yolu asfaltlama ya da onarma yerine insanlar\u0131 ve oradan ge\u00e7en ara\u00e7lar\u0131 bu duruma al\u0131\u015ft\u0131rmakta uzla\u015f\u0131lm\u0131\u015f gibi. \u00a0Fakat bu yolun sonunda varaca\u011f\u0131n\u0131z yer k\u00f6y\u00fcn\u00fcz olunca; \u00a0ne yoku\u015f, ne toz ne de \u00e7amur sizi durduram\u0131yor.<\/p>\n<p style=\"text-align: justify;\">\u00a0\u00a0 \u00a0\u00a0\u00a0\u00a0\u00a0\u00a0\u00a0\u00a0\u00a0Tepeye yakla\u015ft\u0131k\u00e7a kar\u015f\u0131dan esen sert r\u00fczg\u00e2r beraberinde getirdi\u011fi Karer\u2019 in g\u00fbl \u2013 u reyhan kokusunu adeta ba\u015ftan a\u015fa\u011f\u0131 \u00fczerinize s\u00fcrer. \u00a0R\u00fczg\u00e2r bazen o kadar \u015fiddetlidir ki; ara\u00e7tan inip esti\u011fi y\u00f6ne do\u011fru y\u00fcr\u00fcrseniz bedava bir kuru temizlemeden yararlanabilirsiniz. B\u00f6ylece b\u00fcy\u00fck \u015fehirlerden \u00fczerinize ve ruhunuza sinen karga\u015fadan, stres ve di\u011fer olumsuzluklar\u0131n bir k\u0131sm\u0131ndan ar\u0131nabilirsiniz. \u00d6te tarafta yani tepenin ard\u0131nda atalar\u0131m\u0131z\u0131n yerle\u015fmek, yurt edinmek i\u00e7in m\u00fccadele etti\u011fi, ya\u015famlar\u0131n\u0131, dillerini, inan\u00e7 anlay\u0131\u015flar\u0131n\u0131 gelenek ve g\u00f6reneklerini s\u00fcrd\u00fcrebilmeleri i\u00e7in adeta s\u0131\u011f\u0131nd\u0131klar\u0131 son kaleye do\u011fru yol al\u0131rken buralarda olup bitenleri merak ediyor insan&#8230;<\/p>\n<p style=\"text-align: justify;\">\u00a0\u00a0\u00a0\u00a0\u00a0\u00a0\u00a0\u00a0\u00a0\u00a0 \u00a0Kimisi burada can\u0131yla, kimi akl\u0131, \u00f6ng\u00f6r\u00fcs\u00fc ve cesaretiyle b\u00fcy\u00fck bedeller \u00f6demi\u015f, kimisi tozunda, \u00e7amurunda, teze\u011finde, pas\u0131nda kirlenerek berrak sular\u0131nda y\u0131kanm\u0131\u015f, kimi \u00fczerine sinen dar ve s\u0131\u011f anlay\u0131\u015flar\u0131n kiri pas\u0131 i\u00e7inde uzun uzun ya\u015fam\u0131\u015f. \u00a0Kimi oran\u0131n tabiriyle \u201cpiru-pak\u201d kalmada \u0131srarc\u0131yken, kiminin g\u00fcnahlar i\u015fledi\u011fi, birilerinin olmazsa olmaz\u0131, birilerinin hi\u00e7 olmam\u0131\u015f\u0131 bu mek\u00e2n\u0131n her taraf\u0131 kutsal sayd\u0131klar\u0131 tepelerle \u00e7evrilidir. Kanyonlardan daha i\u00e7eri do\u011fru gitti\u011fimizde irili ufakl\u0131 bazen da\u011f\u0131lan bazen s\u0131rt s\u0131rta vermi\u015f y\u00fckseltilerden, yer yer geni\u015f d\u00fczl\u00fcklerin oldu\u011fu,\u00a0 \u00a0yama\u00e7lar\u0131ndan a\u015fa\u011f\u0131ya do\u011fru y\u0131lan gibi k\u0131vr\u0131larak \u00f6zellikle ilkbaharda birbirleriyle bulu\u015fmak i\u00e7in adeta aceleyle akan uzunca derelerden, olu\u015fan co\u011frafi bir b\u00f6lgeyi ifade eden <strong>KARER<\/strong>\u2019desiniz art\u0131k. Burada neredeyse her tepe, her \u00e7ay\u0131r, her d\u00fczl\u00fck, her derenin bir ad\u0131; o ad\u0131n da bir hik\u00e2yesi vard\u0131r.<\/p>\n<p style=\"text-align: justify;\">\u00a0\u00a0\u00a0\u00a0\u00a0 Karer b\u00f6lgesi orada ya\u015fayanlar\u0131n orijinal halk anlat\u0131mlar\u0131nda dokuz k\u00f6y\u00fc ifade eder. Bing\u00f6l merkezden yola \u00e7\u0131km\u0131\u015fsak \u00f6nce \u0131l\u0131calar yoku\u015funu, ard\u0131ndan genelini dikenli bitkilerin ve ta\u015flar\u0131n ku\u015fatt\u0131\u011f\u0131 de\u015ft d\u00fczl\u00fc\u011f\u00fcn\u00fc ge\u00e7ince g\u00f6r\u00fcnen ilk tepe Karer Baba tepesidir. \u00a0Orada durup nefeslenip a\u015fa\u011f\u0131lara bakt\u0131\u011f\u0131m\u0131zda yava\u015f yava\u015f k\u00f6ylerin yerleri uzaklardan se\u00e7ilebilir hale geliyor. Bu k\u00f6yler sanki bir kad\u0131n\u0131n gerdan\u0131na \u00f6zenle dizilmi\u015f inci taneleri gibi s\u0131ralan\u0131r. En yukarda S\u00fctl\u00fcce K\u00f6y\u00fc (Darebi), a\u015fa\u011f\u0131s\u0131nda Dolutekne (<strong>Yekmal<\/strong>), sol yana do\u011fru giden yoldan devam etti\u011finizde \u00a0Alt\u0131nevler (<strong>\u015eirnan<\/strong>), Kaba\u00e7al\u0131 (<strong>Pircan<\/strong>), \u00c7aml\u0131ca (<strong>H\u0131r\u00e7\u0131k<\/strong>), \u00a0sa\u011fa do\u011fru giderseniz Sar\u0131dibek (<strong>Korikan<\/strong>), yekmalden a\u015fa\u011f\u0131 indi\u011finizde Dolu\u00e7ay (<strong>Sa\u011fiyan<\/strong>) ve en bat\u0131s\u0131nda Elmaa\u011fa\u00e7 (<strong>Maskan<\/strong>). Dokuzuncu k\u00f6y\u00fcn hangisi oldu\u011funa dair birka\u00e7 g\u00f6r\u00fc\u015f oldu\u011fundan \u015fimdilik bu sekiz k\u00f6y\u00fcn d\u0131\u015f\u0131nda ya\u015fayan Karerlilerin ya\u015fad\u0131klar\u0131 di\u011fer alanlar\u0131 dokuzuncu k\u00f6y olarak tarif etmek biraz zorlama olmakla birlikte, anlaml\u0131 olacakt\u0131r. Ama dokuzuncu k\u00f6y olmas\u0131 muhtemeller ars\u0131nda <strong>\u00c7erme-i \u00a0Karer<\/strong> ve yemye\u015fil do\u011fas\u0131yla ceviz cenneti say\u0131labilecek Dall\u0131tepe (<strong>Cafran<\/strong>) ile <strong>G\u00f6l <\/strong>mezras\u0131d\u0131r.<\/p>\n<p style=\"text-align: justify;\">\u00a0\u00a0\u00a0\u00a0\u00a0\u00a0 Belki k\u00f6y do\u011fumlu olup buralardan uzaklarda bir ya\u015fam kuran insanlar\u0131n \u00e7o\u011fu b\u00f6yle d\u00fc\u015f\u00fcnceler i\u00e7indedir bilinmez ama bizler bir\u00e7ok ki\u015finin k\u00f6y\u00fc i\u00e7in bir \u015feyler yapmak istedi\u011fine \u015fahitlik ediyoruz. Bu durum k\u00f6y\u00fcm\u00fcz ad\u0131na bir internet sitesi kurma fikrinin olgunla\u015fmas\u0131n\u0131 sa\u011flad\u0131. Ve darebi.com\u2019la k\u00f6y\u00fcm\u00fcz\u00fcn tabelas\u0131n\u0131 internete asmaya karar verdik. Hani derler ya vefa borcu\u2026<\/p>\n<p>Biliyorsunuz miktar\u0131 yazmaz ama duygusunun alt\u0131nda ezilir insan. Bir \u015feyler yapmak ister y\u00fck\u00fcn\u00fc hafifletmek i\u00e7in, i\u015fte bu fikir \u00f6yle \u015fekillendi. Belki bir at\u0131ml\u0131k heyecan olarak kalacak, belki k\u00f6y\u00fcm\u00fcze ve insan\u0131m\u0131za katk\u0131s\u0131 olacak bir mecra haline gelecek bunu kestirmek \u015fimdiden zor ama biliyoruz ki, ortak emek, ortak \u00e7aba ve bilin\u00e7le kotar\u0131l\u0131rsa ba\u015far\u0131ya ula\u015f\u0131r. Kolektif ak\u0131l dayan\u0131\u015fmay\u0131 kutsar, dayan\u0131\u015fman\u0131n oldu\u011fu yerde de geli\u015fme ka\u00e7\u0131n\u0131lmazd\u0131r.<\/p>\n<p style=\"text-align: justify;\">\u00a0\u00a0\u00a0\u00a0\u00a0 Bu Sitede; S\u00fctl\u00fcce K\u00f6y\u00fc\u2019 n\u00fcn (darebi) hik\u00e2yesi \u00fczerinde duraca\u011f\u0131z. Ancak Karer\u2019i de,\u00a0 karerlili\u011fi de genel perspektif olarak akl\u0131m\u0131z\u0131n bir k\u00f6\u015fesinde tutaca\u011f\u0131z. KARER asl\u0131nda bir\u00e7ok ayr\u0131nt\u0131s\u0131yla anlat\u0131lmay\u0131, gelenek, g\u00f6renek ve k\u00fclt\u00fcr\u00fc ile ya\u015fan\u0131p ya\u015fat\u0131lmay\u0131 hak ediyor. Biz h\u00fcmanist felsefesi gere\u011fi, burada olup biteni aktarmaya \u00e7al\u0131\u015f\u0131rken insan\u0131 merkeze koymaya \u00e7al\u0131\u015faca\u011f\u0131z. Daha \u00e7ok zaman\u0131m\u0131za odaklan\u0131p ge\u00e7mi\u015f ve gelecekle bu noktadan ba\u011f kurmay\u0131 \u00f6nemsiyoruz. Bunu bir tarih ara\u015ft\u0131rmas\u0131 olarak d\u00fc\u015f\u00fcnmedik. \u00d6nceki anlat\u0131mlar ve tasvirlerde yaz\u0131lan mutlak belirlemelerden ka\u00e7\u0131n\u0131p daha \u00e7ok ya\u015famsal bulduklar\u0131m\u0131z\u0131 \u00f6ne \u00e7\u0131karaca\u011f\u0131z. Tutarl\u0131 yakla\u015fmaya hassasiyet g\u00f6stermek istiyoruz.<\/p>\n<p style=\"text-align: justify;\">\u00a0\u00a0\u00a0\u00a0\u00a0\u00a0\u00a0\u00a0\u00a0\u00a0\u00a0 \u0130\u00e7erik zenginle\u015ftirme \u00e7al\u0131\u015fmalar\u0131 yapt\u0131\u011f\u0131m\u0131zda tabi ki k\u00f6y\u00fcm\u00fcz\u00fcn tarihini de ele alaca\u011f\u0131z. Tarih konusu me\u015fakkatli olacakt\u0131r zira bu aray\u0131\u015f\u0131n uzun zamand\u0131r oldu\u011funu ancak ta\u015flar\u0131n sa\u011fl\u0131kl\u0131 bir \u015fekilde halen yerine oturdu\u011funu s\u00f6yleyemeyiz. \u00c7\u00fcnk\u00fc kar\u015f\u0131m\u0131za belli zorluklar\u0131n \u00e7\u0131kt\u0131\u011f\u0131n\u0131 g\u00f6r\u00fcyoruz. Daha \u00f6nce de bir\u00e7ok ki\u015finin buray\u0131, burada ya\u015famakta olan insanlar\u0131n soy, kimlik, k\u00fclt\u00fcr, inan\u00e7 yap\u0131lar\u0131n\u0131 anlatmak istedi\u011fini g\u00f6r\u00fcyoruz. Asl\u0131nda anlat\u0131lmak istenen son \u00fc\u00e7 y\u00fcz &#8211; \u00a0be\u015f y\u00fcz y\u0131ll\u0131k bir ge\u00e7mi\u015f olsa da sanki \u00fc\u00e7 bin \u2013 d\u00f6rt bin y\u0131ll\u0131k ya da daha evveli bir tarih anlat\u0131lacakm\u0131\u015f, ayd\u0131nlanacakm\u0131\u015f gibi zorlanmalar \u2013zorlamalar- \u00a0olmaktad\u0131r. Belki de d\u00fcnyan\u0131n ba\u015fka herhangi bir yerinde fosil kal\u0131nt\u0131lar\u0131ndan, \u00a0topluluklar hakk\u0131nda bilgi edinmeye \u00e7al\u0131\u015fan dil, k\u00f6ken ara\u015ft\u0131rmac\u0131lar\u0131 bile bu kadar zorlanmam\u0131\u015flard\u0131r. Bizi zorlayan bilgi-belge olmamas\u0131 de\u011fil asl\u0131nda, bir\u00e7ok bilgi-belge i\u00e7inde g\u00fcvenilir, objektif ve ge\u00e7mi\u015fe do\u011fru \u0131\u015f\u0131k tutacak olanlar\u0131 ay\u0131klayabilmek.\u00a0 \u0130\u015fte bu olduk\u00e7a zor ama anlaml\u0131 olacak gibi duruyor kar\u015f\u0131m\u0131zda. \u00c7\u00fcnk\u00fc ara\u015ft\u0131rd\u0131k ki \u00e7o\u011fu kaynak yerel anlat\u0131mlarla de\u011fil de belli merkezlerden dayat\u0131lm\u0131\u015f. Genelde; burada var olan\u0131 yans\u0131tmaktan ziyade politik, ideolojik \u00e7\u0131karlar ve beklentilerle yerelin duygusu, ya\u015fant\u0131s\u0131 ya da d\u00fc\u015f\u00fcncesi gibi kabul ettirilmi\u015f ve bir\u00e7o\u011fu bu \u015fekilde haf\u0131zalarda yer etmi\u015f Adeta k\u0131rk kez s\u00f6ylenip-s\u00f6yletilip ger\u00e7ek olmu\u015f bir tarihle kar\u015f\u0131 kar\u015f\u0131ya oldu\u011fumuzu s\u00f6ylesek abartm\u0131\u015f olmay\u0131z.<\/p>\n<p style=\"text-align: justify;\">\u00a0\u00a0\u00a0\u00a0\u00a0\u00a0 Eskilerin dilden dile anlatarak ta\u015f\u0131d\u0131\u011f\u0131 ge\u00e7mi\u015f, k\u00fclt\u00fcr ve hatta inan\u00e7 anlay\u0131\u015f\u0131 belli bir zaman diliminden sonra ba\u015fkala\u015fmaya y\u00fcz tutmu\u015ftur. Kendi do\u011fall\u0131\u011f\u0131nda ya\u015fanmas\u0131na bir nevi m\u00fcdahale edilerek g\u00fcn\u00fcm\u00fcz ko\u015fullar\u0131na cevap veremeyen bir hal alm\u0131\u015ft\u0131r. Burada objektif olmak gerekirse kar\u015f\u0131l\u0131kl\u0131 bir r\u0131zal\u0131k g\u00f6sterme de yok de\u011fil. Asl\u0131nda bize vurucu gelen bu r\u0131zal\u0131\u011f\u0131 olu\u015fturan toplumsal bilin\u00e7alt\u0131\u2026<\/p>\n<p style=\"text-align: justify;\">\u00a0\u00a0\u00a0\u00a0 \u0130\u015fte t\u00fcm bunlar\u0131, kendimizi, toplumumuzu, k\u00f6y\u00fcm\u00fcz\u00fc ve ge\u00e7mi\u015fimizi daha iyi anlamak i\u00e7in, en \u00f6nemlisi de yerelimizden d\u00fcnyaya daha sa\u011fl\u0131kl\u0131 bakabilmek i\u00e7in, yani insanl\u0131k \u0131rma\u011f\u0131na k\u00f6y\u00fcm\u00fczden kat\u0131lmak i\u00e7in burada bir kap\u0131 aral\u0131yoruz <strong>darebi.com<\/strong>\u2019la. Bu sayfan\u0131n bir ki\u015fiye, derne\u011fe, vakfa ya da bir anlay\u0131\u015fa ait olmas\u0131n\u0131 ama\u00e7lam\u0131yoruz. Heybesinde Darebi\u2019ye Karer\u2019e dair bir klam\u0131, bir hikayesi, masal\u0131,\u00a0 bir an\u0131s\u0131, bir bilgi ve belgesi, s\u00f6ylemi ve s\u00f6ylencesi olan herkese a\u00e7\u0131k olmas\u0131n\u0131 istiyoruz. Tabi ki bir s\u00fczgecimiz olacak, <strong>do\u011fru \u2013 yanl\u0131\u015f, iyi \u2013 k\u00f6t\u00fc, gerekli \u2013 gereksiz<\/strong> kar\u015f\u0131la\u015ft\u0131rmalar\u0131 yapaca\u011f\u0131z. \u0130nsan merkezli ve do\u011fayla bar\u0131\u015f\u0131k olaca\u011f\u0131z. Herkesin s\u00f6z hakk\u0131na sayg\u0131l\u0131y\u0131z ama biz kulaklar\u0131m\u0131z\u0131 do\u011fru ve ya\u015famsal s\u00f6zleri olanlara kabartaca\u011f\u0131z.<\/p>\n<p style=\"text-align: justify;\">\u00a0\u00a0\u00a0 \u00a0\u00a0\u00a0\u00a0Sitemizin i\u00e7eri\u011fini zenginle\u015ftirme \u00e7abalar\u0131m\u0131z biraz zaman alabilir, bu sebeple herkesin bu i\u015fin bir ucundan tutmas\u0131n\u0131 \u00f6nemsiyoruz. Ast\u0131\u011f\u0131m\u0131z bu tabelan\u0131n alt\u0131n\u0131n ortak emekle doldurulabilmesi i\u00e7in bize yazabilir veya ileti\u015fim kurarak fikirlerinizi payla\u015fabilirsiniz\u2026<\/p>\n<p style=\"text-align: justify;\"><strong>Darebi.com\/edit\u00f6r<\/strong><\/p>\n<p>&nbsp;<\/p>\n","protected":false},"excerpt":{"rendered":"<p>Bing\u00f6l\u2019den (\u00c7ewlig) S\u00fctl\u00fcce (Darebi) k\u00f6y\u00fcne gidebilmek i\u00e7in; Il\u0131calar\u2019\u0131 (Hamamlar) \u00a0ge\u00e7tikten hemen sonra \u00c7\u0131r \u015eelalesi tabelas\u0131ndan girip biraz t\u0131rmand\u0131\u011f\u0131n\u0131zda, a\u011fa\u00e7lar\u0131n aras\u0131ndan sola do\u011fru san\u0131r\u0131m bir demircinin biraz da aceleye getirip yapt\u0131\u011f\u0131 ve yere bir kaz\u0131kla tutturulan k\u00fc\u00e7\u00fck sac tabelan\u0131n i\u015faret etti\u011fi toprak yol Karer\u2019e gider. Bu tabelan\u0131n su\u00e7u yaz\u0131lmam\u0131\u015f ama tam ortas\u0131ndan vurulmu\u015ftur. O yola direksiyonu [&hellip;]<\/p>\n","protected":false},"author":1,"featured_media":0,"comment_status":"open","ping_status":"open","sticky":false,"template":"","format":"standard","meta":[],"categories":[5,4],"tags":[],"_links":{"self":[{"href":"https:\/\/darebi.com\/index.php?rest_route=\/wp\/v2\/posts\/133"}],"collection":[{"href":"https:\/\/darebi.com\/index.php?rest_route=\/wp\/v2\/posts"}],"about":[{"href":"https:\/\/darebi.com\/index.php?rest_route=\/wp\/v2\/types\/post"}],"author":[{"embeddable":true,"href":"https:\/\/darebi.com\/index.php?rest_route=\/wp\/v2\/users\/1"}],"replies":[{"embeddable":true,"href":"https:\/\/darebi.com\/index.php?rest_route=%2Fwp%2Fv2%2Fcomments&post=133"}],"version-history":[{"count":2,"href":"https:\/\/darebi.com\/index.php?rest_route=\/wp\/v2\/posts\/133\/revisions"}],"predecessor-version":[{"id":136,"href":"https:\/\/darebi.com\/index.php?rest_route=\/wp\/v2\/posts\/133\/revisions\/136"}],"wp:attachment":[{"href":"https:\/\/darebi.com\/index.php?rest_route=%2Fwp%2Fv2%2Fmedia&parent=133"}],"wp:term":[{"taxonomy":"category","embeddable":true,"href":"https:\/\/darebi.com\/index.php?rest_route=%2Fwp%2Fv2%2Fcategories&post=133"},{"taxonomy":"post_tag","embeddable":true,"href":"https:\/\/darebi.com\/index.php?rest_route=%2Fwp%2Fv2%2Ftags&post=133"}],"curies":[{"name":"wp","href":"https:\/\/api.w.org\/{rel}","templated":true}]}}